{"id":1706,"date":"2016-10-10T12:19:18","date_gmt":"2016-10-10T11:19:18","guid":{"rendered":"http:\/\/sjfu.fr\/?p=1706"},"modified":"2019-06-27T14:06:04","modified_gmt":"2019-06-27T13:06:04","slug":"la-cour-des-comptes-souhaite-renforcer-la-convergence-des-retraites-des-fonctionnaires-et-des-salaries","status":"publish","type":"post","link":"https:\/\/sjfu.fr\/index.php\/2016\/10\/10\/la-cour-des-comptes-souhaite-renforcer-la-convergence-des-retraites-des-fonctionnaires-et-des-salaries\/","title":{"rendered":"La Cour des comptes souhaite renforcer la convergence des retraites des fonctionnaires et des salari\u00e9s"},"content":{"rendered":"<p>Le 6 octobre 2016, la Cour des comptes a publi\u00e9 un rapport intitul\u00e9 \u00ab <a href=\"http:\/\/www.ccomptes.fr\/Accueil\/Publications\/Publications\/Les-pensions-de-retraite-des-fonctionnaires-des-evolutions-a-poursuivre\">Les pensions de retraite des fonctionnaires : des \u00e9volutions \u00e0 poursuivre<\/a> \u00bb.<\/p>\n<p>Les fonctionnaires civils rel\u00e8vent de deux r\u00e9gimes de retraite : celui des agents de l\u2019\u00c9tat, r\u00e9gi par le code des pensions civiles et militaires de retraite ; celui des agents des collectivit\u00e9s locales et des \u00e9tablissements hospitaliers publics, r\u00e9gi par d\u00e9crets. Ces deux r\u00e9gimes sp\u00e9ciaux de retraites sont g\u00e9r\u00e9s par le service des retraites de l\u2019Etat (SRE) et la caisse nationale de retraite des agents des collectivit\u00e9s locales (CNRACL). Depuis 25 ans, ils ont connu des \u00e9volutions d\u00e9mographiques et financi\u00e8res importantes avec une hausse du nombre des retrait\u00e9s, une baisse du ratio cotisants\/pensionn\u00e9s et une augmentation des d\u00e9penses de pensions ayant entra\u00een\u00e9 un accroissement des financements de l\u2019Etat. La r\u00e9forme des retraites de 2003 a introduit l\u2019indexation des pensions sur l\u2019indice des prix \u00e0 la consommation et la r\u00e9forme de 2010 a repouss\u00e9 l\u2019\u00e2ge d\u2019ouverture des droits \u00e0 la retraite de 60 \u00e0 62 ans.<\/p>\n<p>Toutefois, les progr\u00e8s de convergence des r\u00e9gimes de retraite publics et priv\u00e9s sont fragiles, les projections d\u00e9montrant que les r\u00e9gimes continueront de peser fortement sur les d\u00e9penses publiques \u2013 58 milliards d\u2019euros en 2014, soit 5,6% des d\u00e9penses publiques. La Cour a examin\u00e9 trois options pour faire \u00e9voluer les deux r\u00e9gimes sp\u00e9ciaux : i) leur suppression et le rattachement des fonctionnaires au r\u00e9gime g\u00e9n\u00e9ral, ii) la fusion des deux r\u00e9gimes sp\u00e9ciaux qui seraient g\u00e9r\u00e9s par un m\u00eame organisme, iii) l\u2019\u00e9volution des r\u00e8gles de calcul des pensions comme l\u2019allongement de la p\u00e9riode de r\u00e9f\u00e9rence pour calculer la pension sur la base de la r\u00e9mun\u00e9ration per\u00e7ue les 5 ou 10 derni\u00e8res ann\u00e9es au lieu des six derniers mois.<\/p>\n<p>Le rapport \u00e9met huit recommandations pour revoir la gestion et le financement des r\u00e9gimes de retraite, notamment la cr\u00e9ation d\u2019une caisse de retraite des fonctionnaires de l\u2019Etat, la r\u00e9duction du nombre de centres de gestion, et la programmation d\u2019\u00e9conomies de gestion plus ambitieuses (15 % d\u2019\u00e9conomies de fonctionnement en 4 ans). Il mentionne 7 leviers d\u2019\u00e9volution dont l\u2019allongement progressif de la dur\u00e9e de r\u00e9f\u00e9rence pour le calcul de la pension, la suppression de la bonification pour les services \u00e0 l\u2019\u00e9tranger et dans les DOM-TOM, un alignement sur le r\u00e9gime du secteur priv\u00e9 pour les droits familiaux et les r\u00e8gles de r\u00e9version.<\/p>\n<div id=\"container\"><\/div>\n","protected":false},"excerpt":{"rendered":"<p class=\"qua-blog-post-description\">Le 6 octobre 2016, la Cour des comptes a publi\u00e9 un rapport intitul\u00e9 \u00ab Les pensions de retraite des fonctionnaires : des \u00e9volutions \u00e0 poursuivre \u00bb. Les fonctionnaires civils rel\u00e8vent de deux r\u00e9gimes de retraite : celui des agents de l\u2019\u00c9tat, r\u00e9gi par le code des pensions civiles et militaires de retraite ; celui des [&hellip;]<\/p>\n","protected":false},"author":1,"featured_media":0,"comment_status":"open","ping_status":"open","sticky":false,"template":"","format":"standard","meta":{"footnotes":""},"categories":[1],"tags":[140,30,139,109],"class_list":["post-1706","post","type-post","status-publish","format-standard","hentry","category-non-classe","tag-convergence","tag-fonctionnaire","tag-retraite","tag-sjfu"],"_links":{"self":[{"href":"https:\/\/sjfu.fr\/index.php\/wp-json\/wp\/v2\/posts\/1706","targetHints":{"allow":["GET"]}}],"collection":[{"href":"https:\/\/sjfu.fr\/index.php\/wp-json\/wp\/v2\/posts"}],"about":[{"href":"https:\/\/sjfu.fr\/index.php\/wp-json\/wp\/v2\/types\/post"}],"author":[{"embeddable":true,"href":"https:\/\/sjfu.fr\/index.php\/wp-json\/wp\/v2\/users\/1"}],"replies":[{"embeddable":true,"href":"https:\/\/sjfu.fr\/index.php\/wp-json\/wp\/v2\/comments?post=1706"}],"version-history":[{"count":6,"href":"https:\/\/sjfu.fr\/index.php\/wp-json\/wp\/v2\/posts\/1706\/revisions"}],"predecessor-version":[{"id":4755,"href":"https:\/\/sjfu.fr\/index.php\/wp-json\/wp\/v2\/posts\/1706\/revisions\/4755"}],"wp:attachment":[{"href":"https:\/\/sjfu.fr\/index.php\/wp-json\/wp\/v2\/media?parent=1706"}],"wp:term":[{"taxonomy":"category","embeddable":true,"href":"https:\/\/sjfu.fr\/index.php\/wp-json\/wp\/v2\/categories?post=1706"},{"taxonomy":"post_tag","embeddable":true,"href":"https:\/\/sjfu.fr\/index.php\/wp-json\/wp\/v2\/tags?post=1706"}],"curies":[{"name":"wp","href":"https:\/\/api.w.org\/{rel}","templated":true}]}}