{"id":3098,"date":"2017-07-07T09:00:59","date_gmt":"2017-07-07T08:00:59","guid":{"rendered":"http:\/\/sjfu.fr\/?p=3098"},"modified":"2018-09-13T10:30:41","modified_gmt":"2018-09-13T09:30:41","slug":"le-sjfu-presente-son-livre-blanc-sur-les-juridictions-financieres","status":"publish","type":"post","link":"https:\/\/sjfu.fr\/index.php\/2017\/07\/07\/le-sjfu-presente-son-livre-blanc-sur-les-juridictions-financieres\/","title":{"rendered":"Le SJFu pr\u00e9sente son Livre blanc sur les juridictions financi\u00e8res"},"content":{"rendered":"<p>Les membres du Syndicat des juridictions financi\u00e8res unifi\u00e9, r\u00e9unis en congr\u00e8s les 17 et 18 novembre 2016, ont d\u00e9cid\u00e9 de r\u00e9diger un <a href=\"http:\/\/issuu.com\/syndicatdesjuridictionsfinancieres\/docs\/livre_blanc_au_1er_juillet_2017_mep\"><strong>livre blanc consacr\u00e9 \u00e0 l\u2019avenir des juridictions financi\u00e8res<\/strong><\/a>. Celui-ci a \u00e9t\u00e9 \u00e9labor\u00e9 par une \u00e9quipe projet de 12 magistrats, sous le contr\u00f4le du bureau. Le 30 juin 2017, les adh\u00e9rents ont approuv\u00e9 le document \u00e0 la majorit\u00e9 des deux tiers.<\/p>\n<p>Ce livre blanc propose :<\/p>\n<p><strong>&#8211; de renforcer l\u2019office du juge financier en am\u00e9liorant le r\u00e9gime de responsabilit\u00e9 des gestionnaires publics et en simplifiant celui des comptables ;<\/strong><\/p>\n<p><strong>&#8211;\u00a0 d\u2019accentuer les pouvoirs de contr\u00f4le des juridictions financi\u00e8res avec, au besoin, des pouvoirs de sanction adapt\u00e9s et la possibilit\u00e9 de publier des rapports sur des th\u00e9matiques locales ;<\/strong><\/p>\n<p><strong>&#8211; de d\u00e9velopper des garanties suppl\u00e9mentaires pour l\u2019ind\u00e9pendance des magistrats financiers.<\/strong><\/p>\n<p>&nbsp;<\/p>\n<p><a href=\"https:\/\/sjfu.fr\/wp-content\/uploads\/2017\/07\/Livre-blanc-au-1er-juillet-2017-MEP.pdf\"><strong>T\u00e9l\u00e9chargez le\u00a0Livre blanc<\/strong><\/a><\/p>\n<div data-url=\"https:\/\/issuu.com\/syndicatdesjuridictionsfinancieres\/docs\/livre_blanc_au_1er_juillet_2017_mep\" style=\"width: 500px; height: 324px;\" class=\"issuuembed\"><\/div>\n<p><script type=\"text\/javascript\" src=\"\/\/e.issuu.com\/embed.js\" async=\"true\"><\/script><\/p>\n","protected":false},"excerpt":{"rendered":"<p class=\"qua-blog-post-description\">Les membres du Syndicat des juridictions financi\u00e8res unifi\u00e9, r\u00e9unis en congr\u00e8s les 17 et 18 novembre 2016, ont d\u00e9cid\u00e9 de r\u00e9diger un livre blanc consacr\u00e9 \u00e0 l\u2019avenir des juridictions financi\u00e8res. Celui-ci a \u00e9t\u00e9 \u00e9labor\u00e9 par une \u00e9quipe projet de 12 magistrats, sous le contr\u00f4le du bureau. Le 30 juin 2017, les adh\u00e9rents ont approuv\u00e9 le [&hellip;]<\/p>\n","protected":false},"author":1,"featured_media":39,"comment_status":"open","ping_status":"open","sticky":false,"template":"","format":"standard","meta":{"footnotes":""},"categories":[1],"tags":[275,274,245,109,276,111],"class_list":["post-3098","post","type-post","status-publish","format-standard","has-post-thumbnail","hentry","category-non-classe","tag-confiance-dans-laction-publique","tag-livre-blanc-sur-les-juridictions-financieres","tag-moralisation-de-la-vie-publique","tag-sjfu","tag-syndicat-des-juridictions-financieres","tag-vincent-sivre"],"_links":{"self":[{"href":"https:\/\/sjfu.fr\/index.php\/wp-json\/wp\/v2\/posts\/3098","targetHints":{"allow":["GET"]}}],"collection":[{"href":"https:\/\/sjfu.fr\/index.php\/wp-json\/wp\/v2\/posts"}],"about":[{"href":"https:\/\/sjfu.fr\/index.php\/wp-json\/wp\/v2\/types\/post"}],"author":[{"embeddable":true,"href":"https:\/\/sjfu.fr\/index.php\/wp-json\/wp\/v2\/users\/1"}],"replies":[{"embeddable":true,"href":"https:\/\/sjfu.fr\/index.php\/wp-json\/wp\/v2\/comments?post=3098"}],"version-history":[{"count":21,"href":"https:\/\/sjfu.fr\/index.php\/wp-json\/wp\/v2\/posts\/3098\/revisions"}],"predecessor-version":[{"id":3946,"href":"https:\/\/sjfu.fr\/index.php\/wp-json\/wp\/v2\/posts\/3098\/revisions\/3946"}],"wp:featuredmedia":[{"embeddable":true,"href":"https:\/\/sjfu.fr\/index.php\/wp-json\/wp\/v2\/media\/39"}],"wp:attachment":[{"href":"https:\/\/sjfu.fr\/index.php\/wp-json\/wp\/v2\/media?parent=3098"}],"wp:term":[{"taxonomy":"category","embeddable":true,"href":"https:\/\/sjfu.fr\/index.php\/wp-json\/wp\/v2\/categories?post=3098"},{"taxonomy":"post_tag","embeddable":true,"href":"https:\/\/sjfu.fr\/index.php\/wp-json\/wp\/v2\/tags?post=3098"}],"curies":[{"name":"wp","href":"https:\/\/api.w.org\/{rel}","templated":true}]}}