{"id":203,"count":1,"description":"","link":"https:\/\/sjfu.fr\/index.php\/tag\/elections-complementaires-des-membres-du-conseil-superieur-des-chambres-regionales-et-territoriales\/","name":"\u00e9lections compl\u00e9mentaires des membres du Conseil sup\u00e9rieur des chambres r\u00e9gionales et territoriales","slug":"elections-complementaires-des-membres-du-conseil-superieur-des-chambres-regionales-et-territoriales","taxonomy":"post_tag","meta":[],"_links":{"self":[{"href":"https:\/\/sjfu.fr\/index.php\/wp-json\/wp\/v2\/tags\/203","targetHints":{"allow":["GET"]}}],"collection":[{"href":"https:\/\/sjfu.fr\/index.php\/wp-json\/wp\/v2\/tags"}],"about":[{"href":"https:\/\/sjfu.fr\/index.php\/wp-json\/wp\/v2\/taxonomies\/post_tag"}],"wp:post_type":[{"href":"https:\/\/sjfu.fr\/index.php\/wp-json\/wp\/v2\/posts?tags=203"}],"curies":[{"name":"wp","href":"https:\/\/api.w.org\/{rel}","templated":true}]}}